{"id":20,"date":"2014-08-19T09:13:20","date_gmt":"2014-08-19T06:13:20","guid":{"rendered":"http:\/\/suomiunkari.fi\/osastot\/kajaani\/?p=20"},"modified":"2023-05-16T22:43:34","modified_gmt":"2023-05-16T19:43:34","slug":"tapahtumia","status":"publish","type":"post","link":"https:\/\/suomiunkari.fi\/osastot\/kajaani\/2014\/08\/19\/tapahtumia\/","title":{"rendered":"Tapahtumia"},"content":{"rendered":"\n<figure class=\"wp-block-image alignwide size-large\"><img decoding=\"async\" loading=\"lazy\" width=\"960\" height=\"720\" src=\"https:\/\/suomiunkari.fi\/osastot\/kajaani\/files\/2020\/11\/Vuosikokous-2019.jpg\" alt=\"\" class=\"wp-image-137\" srcset=\"https:\/\/suomiunkari.fi\/osastot\/kajaani\/files\/2020\/11\/Vuosikokous-2019.jpg 960w, https:\/\/suomiunkari.fi\/osastot\/kajaani\/files\/2020\/11\/Vuosikokous-2019-300x225.jpg 300w, https:\/\/suomiunkari.fi\/osastot\/kajaani\/files\/2020\/11\/Vuosikokous-2019-768x576.jpg 768w\" sizes=\"(max-width: 960px) 100vw, 960px\" \/><\/figure>\n\n\n<p><strong>\u00a0<\/strong><\/p>\n<p>Tapahtumista ja ajankohtaisista asioista tiedotetaan n\u00e4ill\u00e4 sivuilla ja Kajaanin Suomi-Unkari seuran Facebookissa.<\/p>\n<p><strong>Poimintoja viimeisimmist\u00e4 tapahtumista:<\/strong><\/p>\n<p>2023:<\/p>\n<p>Vuosikokous pidettiin 25.3.2023. Poimintoja toimintasuunnitelmasta:<\/p>\n<p>Seuran kotisivuja ja Facebookia t\u00e4ydennet\u00e4\u00e4n ja p\u00e4ivitet\u00e4\u00e4n ajankohtaisilla Unkariin ja\/tai seuran toimintaan liittyvill\u00e4 tapahtumilla ja tiedotteilla.\u00a0Osallistutaan It\u00e4-Suomen yhdistysten neuvottelup\u00e4iv\u00e4\u00e4n sek\u00e4 keskusseuran edustajakokoukseen ja neuvottelup\u00e4iv\u00e4\u00e4n. Hallitus seuraa muiden paikallisyhdistysten ja keskusseuran toimintaa sek\u00e4 osallistuu mahdollisuuksien mukaan yhteisty\u00f6h\u00f6n.\u00a0Lis\u00e4t\u00e4\u00e4n yhteisty\u00f6t\u00e4 ja toiminnan tunnettavuutta Kainuun alueella mm. keskusseuralta haetun projektirahan avulla.\u00a0Osallistutaan Kuhmon suomalais-ugrilaisen kulttuurip\u00e4\u00e4kaupungin tapahtumiin mahdollisuuksien mukaan.\u00a0J\u00e4rjestet\u00e4\u00e4n Tutustuminen unkarin kieleen ja kulttuuriin -kurssi Kuhmossa ja Sotkamossa yhteisty\u00f6ss\u00e4 kansalaisopiston kanssa.\u00a0Kajaanin kaupungin ja Ny\u00edregyh\u00e1zan v\u00e4list\u00e4 yhteydenpitoa pyrit\u00e4\u00e4n edist\u00e4m\u00e4\u00e4n.\u00a0Toteutetaan huhtikuussa Unkarin kiertomatka, jonka kohteina ovat Eger, Hortob\u00e1gy, Ny\u00edregyh\u00e1za, Tokaj, Budapest ja Szentendre.\u00a0 Syksyll\u00e4 j\u00e4rjestet\u00e4\u00e4n Kaukamets\u00e4n opiston kanssa yhteisty\u00f6ss\u00e4 unkarilainen ruoka- ja viini-ilta.\u00a0Seuran taloustilannetta parannetaan myym\u00e4ll\u00e4 k\u00e4sity\u00f6tuotteita, arpoja ja kirjoja erilaisissa tilaisuuksissa. Seura voi myyd\u00e4 my\u00f6s osaamistaan Unkarista kiinnostuneille tahoille. Osallistutaan kajaanilaisten yst\u00e4vyysseurojen mahdolliseen yhteiseen esitt\u00e4ytymis\u00adtilaisuuteen (esim. matkailuilta).\u00a0Tarvittaessa tehd\u00e4\u00e4n yhteisty\u00f6t\u00e4 seurakuntien, koulujen, yhdistysten ja yhteis\u00f6jen kanssa niiden Unkari-yhteyksien ja Unkarin tuntemuksen lis\u00e4\u00e4miseksi. Kajaanissa ja l\u00e4hialueella asuviin unkarilaisiin pidet\u00e4\u00e4n yhteytt\u00e4 ja heit\u00e4 pyydet\u00e4\u00e4n mukaan seuran tapahtumiin.<\/p>\n<p>2022:<\/p>\n<p>Seuran vuosikokous pidettiin 25.3.2022. Hallituksen j\u00e4seniksi valittiin: Irene Salom\u00e4ki (puheenjohtaja), Antti M\u00e4kinen (varapuheenjohtaja), Riitta-Liisa Karjalainen (sihteeri, j\u00e4senasiat), Vuokko Tolonen (talouden\u00adhoitaja), Risto Hyv\u00f6nen, Tuula L\u00f6h\u00f6nen, Jukka Tiusanen, Melinda Jalasto ja R\u00e9ka Tolonen. Irene Salom\u00e4ki on valtakunnallisen seuran hallituksessa Siilinj\u00e4rven edustajan varaj\u00e4sen.<\/p>\n<p>Sotkamon kansalaisopistossa j\u00e4rjestettiin loka-marraskuussa lyhytkurssi (12 h) Tutustuminen unkarin kieleen ja kulttuuriin. Kurssilla oli 7 osallistujaa.\u00a0Unkarin matkaa kev\u00e4\u00e4lle 2023 suunniteltiin syksyn aikana ja ilmoittautumisia ker\u00e4ttiin joulukuusta l\u00e4htien.\u00a0Kuhmossa j\u00e4rjestettiin 13.12. tapaaminen Runolaulu-Akatemian\/Sommelon tiloissa. Tilaisuudessa oli 6 kuhmolaista osallistujaa. Tapaaminen liittyi Kajaanin seuran toiminnan laajentamiseen Kainuussa ja yhteisty\u00f6n tiivist\u00e4miseen alueella. Keskustelua Unkari-yhteyksist\u00e4 on k\u00e4yty my\u00f6s Sotkamon kulttuurituottajan kanssa.\u00a0J\u00e4sentapahtumien j\u00e4rjestelyihin vaikutti edelleen jatkunut koronatilanne ja yleens\u00e4 v\u00e4h\u00e4inen osallistuminen tapahtumiin.\u00a0Joulukuussa haettiin keskusseuralta projektirahaa toiminnan laajentamiseen ja yhteisty\u00f6h\u00f6n alueella. Ajankohtaisista Unkariin ja seuran toimintaan liittyvist\u00e4 asioista on tiedotettu Facebookin ja nettisivujen kautta. Yhteytt\u00e4 Ny\u00edregyh\u00e1zan seuran edustajiin on pidetty s\u00e4hk\u00f6postilla.<\/p>\n<p>2021:<\/p>\n<p>Vuosikokous pidettiin 17.3.2021. Kokouksessa valittiin puheenjohtajaksi kuluvalle vuodelle Irene Salom\u00e4ki ja hallituksen j\u00e4seniksi Antti M\u00e4kinen (varapuheenjohtaja), Riitta-Liisa Karjalainen (sihteeri, j\u00e4senasiat), Vuokko Tolonen (taloudenhoitaja), Melinda Jalasto, Risto Hyv\u00f6nen, Tuula L\u00f6h\u00f6nen ja Jukka Tiusanen.<\/p>\n<p>T\u00e4n\u00e4 vuonna tulee kuluneeksi 40 vuotta Kajaanin ja Ny\u00edregyh\u00e1zan yst\u00e4vyyskaupunkisuhteen solmimisesta. Virallista delegaatiota Ny\u00edregyh\u00e1zasta tuskin voidaan kutsua t\u00e4n\u00e4 vuonna koronatilanteen vuoksi, mutta pyrimme muistamaan juhlavuotta muilla tavoin.<\/p>\n<ul>\n<li>Unkarin Helsingin suurl\u00e4hettil\u00e4s Gy\u00f6rgy Urkutin vierailu Kajaanissa 7. \u2013 9.7. eli Runoviikon aikaan. Suurl\u00e4hettil\u00e4s tutustuu mm. Kajaanin ty\u00f6llisyyden hoitoon ja elinkeinopalveluihin, Renforsin rantaan ja Kajaanin ammattikorkeakoulun toimintaan. Ohjelma suunnitellaan suurl\u00e4hettil\u00e4\u00e4n toiveiden mukaisesti Kajaanin kaupungin ja Kajaanin Suomi-Unkari seuran yhteisty\u00f6n\u00e4. Vierailu juontaa juurensa suurl\u00e4hetyst\u00f6n vuosi sitten julistamasta Suomessa olevien unkarilaisten muistomerkkien kilpailusta, jonka voitti Kajaanissa olevan Unkarilaisten \u00e4\u00e4ni -muistomerkin tarina. Suurl\u00e4hettil\u00e4s Urkuti ei ole aikaisemmin k\u00e4ynyt Kajaanissa ja n\u00e4in saatiin mahdollisuus kutsua h\u00e4net my\u00f6s kaupungin puolesta tutustumaan Kajaaniin. Suurl\u00e4hettil\u00e4\u00e4n ja j\u00e4senten tapaaminen on Unkarilaisten \u00e4\u00e4ni -muistomerkill\u00e4 9.7.<\/li>\n<li>Unkarilaisen musiikin ilta la 9.10. klo 19.00 Kouta-salissa. Ks. tarkemmin Kaukamets\u00e4n ohjelmistosta.\u00a0<\/li>\n<li><span style=\"font-family: 'Nunito Sans', sans-serif;font-size: 1rem\">Kaukamets\u00e4n opiston Unkarilainen illallinen pe 12.11. klo 17.30 \u2013 21.00. Ks. Kaukamets\u00e4n opiston kurssit ja ilmoittautuminen. <\/span>Valmistamme yhdess\u00e4 unkarilaisen illallisen, joka nautitaan illan p\u00e4\u00e4tteeksi.<\/li>\n<\/ul>\n<p>2020:<\/p>\n<p>Koronatilanteesta johtuen vuoden 2020 vuosikokous pidettiin vasta syyskuussa Kaukaveden kokoustilassa. Tiedottamisessa keskityttiin sosiaaliseen mediaan: Facebookiin ja nettisivuille, jotka uusittiin vuoden lopussa.<\/p>\n<p>2019:<\/p>\n<p>Vuosikokous pidettiin 12.3.2019 klo 18-20 Kaukaveden kokoustilassa.\u00a0Unkarilaisten ja suomalaisten yhteinen yst\u00e4vyyskuntakokous pidettiin H\u00e4meenlinnassa 12. \u2013 14.6.\u00a0Kajaanin Suomi-Unkari seuralle my\u00f6nnettiin avustusta virtuaalisen valokuvan\u00e4yttelyn j\u00e4rjest\u00e4miseen yhdess\u00e4 Kajaanin kamerakerhon kanssa. Valokuvan\u00e4yttely pidettiin Ny\u00edregyh\u00e1zassa syyskuun lopussa Tirp\u00e1k-festivaalin yhteydess\u00e4. Valokuvien katselutilaisuus j\u00e4rjestettiin Kajaanissa kaupungintalolla 11.12.\u00a0<\/p>\n<p>2018:\u00a0<\/p>\n<p>Hein\u00e4kuussa teimme 13 hengen ryhm\u00e4matkan Transilvaniaan ja tapasimme my\u00f6s nyiregyh\u00e1zalaisia yst\u00e4vi\u00e4mme. Lokakuussa kuultiin unkarilaista runoutta kaupunginkirjastolla.<\/p>\n<p>2017:<\/p>\n<p>Marraskuussa unkarilaisen valokuvaaja J\u00f3zsef Tim\u00e1rin valokuvan\u00e4yttely Kaukamets\u00e4n l\u00e4mpi\u00f6ss\u00e4 ja Kaukamets\u00e4n opistolla vietettiin unkarilainen ruoka- ja viini-ilta.\u00a0Elokuussa Kajaanin seurakunnalla vieraita Ny\u00edregeyh\u00e1zasta. Vierailun teemana oli Lappi, Suomi 100 ja reformaatio.\u00a040. toimintavuoden merkeiss\u00e4 Kajaanissa j\u00e4rjestettiin 1.4. It\u00e4-Suomen Unkari-seurojen tapaaminen. Kuulimme Ildik\u00f3 Lehtisen esityksen unkarilaisista puvuista ja identiteetist\u00e4. Kuulimme my\u00f6s musiikkiesityksi\u00e4 paikallisin voimin.<\/p>\n<p>2016:<\/p>\n<p>Lokakuussa vietettiin kirjallisuusiltaa Viinibaari Maria P:ss\u00e4. Runoilta j\u00e4rjestettiin yhdess\u00e4 Kainuun Lausujien kanssa. T\u00e4n\u00e4 vuonna teemana olivat unkarilaiset kansanrunot. Marraskuussa valmistettiin illallinen unkarilaisittain yhteisty\u00f6ss\u00e4 Kaukamets\u00e4n opiston kanssa, opettajana Liisa V\u00e4is\u00e4nen.\u00a0Osallistuminen Esztergomin yst\u00e4vyyskuntakokoukseen syyskuussa yhdess\u00e4 Ny\u00edregyh\u00e1zan edustajien kanssa. Kokouksen j\u00e4lkeen tapaaminen Ny\u00edregyh\u00e1zan yst\u00e4vyyspiirin kanssa ja hopeisen ansiomerkin luovutus pitk\u00e4aikaiselle sihteerille ja kajaanilaisten yst\u00e4v\u00e4lle R\u00f3bert H\u00fadiv\u00f3kille.\u00a0Huhtikuussa Unkarin matkailuilta Kaukamets\u00e4n auditoriossa. Kuulimme Budapestin matkakohteista, my\u00f6s erikoisemmista kohteista, joista meille kertoi Kajaanissa asuva Budapestist\u00e4 kotoisin oleva Imre Kiss.<\/p>\n<p>2015:<\/p>\n<p>Marraskuussa oli jo perinteiseksi muodostunut unkarilainen ruoka- ja viini-ilta Kaukamets\u00e4n opiston kotitalousluokassa. Illan aikana valmistettiin unkarilaista ruokaa ja nautittiin ateriat illan p\u00e4\u00e4tteeksi unkarilaisen viinin kera. Lokakuussa Kajaanin kaupunginkirjastossa unkarilaisten runojen ilta yhdess\u00e4 Kainuun Lausujien kanssa. Tilaisuudessa esiintyi my\u00f6s lauluyhtye Kajana Sisters. Huhtikuussa vietimme Unkarin matkailuiltaa. Lyhyen Budapest-infon j\u00e4lkeen kuulimme mielenkiintoisen esityksen Unkarin viineist\u00e4 ja viinimatkailusta. Vuosikokous pidettiin Teppanakeskuksella 22.2. Mukana oli my\u00f6s vieraita Ny\u00edregyh\u00e1zasta ja saimme kuulla Ivett Bakajszan esityksen Kajaanin ja Ny\u00edregyh\u00e1zan yst\u00e4vyyskaupunkisuhteen historiasta.<\/p>\n<p>2014:<\/p>\n<p>Marraskuussa valmistimme Kaukamets\u00e4n opistolla unkarilaisia ruokia ja nautimme ne unkarilaisen viinin kanssa. Lokakuussa vietimme runoiltaa yhdess\u00e4 Kainuun Lausujien kanssa.<\/p>","protected":false},"excerpt":{"rendered":"<p>\u00a0 Tapahtumista ja ajankohtaisista asioista tiedotetaan n\u00e4ill\u00e4 sivuilla ja Kajaanin Suomi-Unkari seuran Facebookissa. Poimintoja viimeisimmist\u00e4 tapahtumista: 2023: Vuosikokous pidettiin 25.3.2023. Poimintoja toimintasuunnitelmasta: Seuran kotisivuja ja Facebookia t\u00e4ydennet\u00e4\u00e4n ja p\u00e4ivitet\u00e4\u00e4n ajankohtaisilla Unkariin ja\/tai seuran toimintaan liittyvill\u00e4 tapahtumilla ja tiedotteilla.\u00a0Osallistutaan It\u00e4-Suomen yhdistysten neuvottelup\u00e4iv\u00e4\u00e4n sek\u00e4 keskusseuran edustajakokoukseen ja neuvottelup\u00e4iv\u00e4\u00e4n. Hallitus seuraa muiden paikallisyhdistysten ja keskusseuran toimintaa sek\u00e4 osallistuu &hellip;<\/p>\n<p class=\"read-more\"> <a class=\"\" href=\"https:\/\/suomiunkari.fi\/osastot\/kajaani\/2014\/08\/19\/tapahtumia\/\"> <span class=\"screen-reader-text\">Tapahtumia<\/span> Lue lis\u00e4\u00e4 &raquo;<\/a><\/p>\n","protected":false},"author":19,"featured_media":0,"comment_status":"open","ping_status":"open","sticky":false,"template":"","format":"standard","meta":{"site-sidebar-layout":"default","site-content-layout":"default","ast-global-header-display":"","ast-main-header-display":"","ast-hfb-above-header-display":"","ast-hfb-below-header-display":"","ast-hfb-mobile-header-display":"","site-post-title":"","ast-breadcrumbs-content":"","ast-featured-img":"","footer-sml-layout":"","theme-transparent-header-meta":"default","adv-header-id-meta":"","stick-header-meta":"","header-above-stick-meta":"","header-main-stick-meta":"","header-below-stick-meta":""},"categories":[4,7],"tags":[],"_links":{"self":[{"href":"https:\/\/suomiunkari.fi\/osastot\/kajaani\/wp-json\/wp\/v2\/posts\/20"}],"collection":[{"href":"https:\/\/suomiunkari.fi\/osastot\/kajaani\/wp-json\/wp\/v2\/posts"}],"about":[{"href":"https:\/\/suomiunkari.fi\/osastot\/kajaani\/wp-json\/wp\/v2\/types\/post"}],"author":[{"embeddable":true,"href":"https:\/\/suomiunkari.fi\/osastot\/kajaani\/wp-json\/wp\/v2\/users\/19"}],"replies":[{"embeddable":true,"href":"https:\/\/suomiunkari.fi\/osastot\/kajaani\/wp-json\/wp\/v2\/comments?post=20"}],"version-history":[{"count":5,"href":"https:\/\/suomiunkari.fi\/osastot\/kajaani\/wp-json\/wp\/v2\/posts\/20\/revisions"}],"predecessor-version":[{"id":165,"href":"https:\/\/suomiunkari.fi\/osastot\/kajaani\/wp-json\/wp\/v2\/posts\/20\/revisions\/165"}],"wp:attachment":[{"href":"https:\/\/suomiunkari.fi\/osastot\/kajaani\/wp-json\/wp\/v2\/media?parent=20"}],"wp:term":[{"taxonomy":"category","embeddable":true,"href":"https:\/\/suomiunkari.fi\/osastot\/kajaani\/wp-json\/wp\/v2\/categories?post=20"},{"taxonomy":"post_tag","embeddable":true,"href":"https:\/\/suomiunkari.fi\/osastot\/kajaani\/wp-json\/wp\/v2\/tags?post=20"}],"curies":[{"name":"wp","href":"https:\/\/api.w.org\/{rel}","templated":true}]}}