{"id":2782,"date":"2014-09-09T12:46:47","date_gmt":"2014-09-09T12:46:47","guid":{"rendered":"http:\/\/suomiunkari.fi\/osastot\/tampere\/?p=2782"},"modified":"2014-09-09T12:56:45","modified_gmt":"2014-09-09T12:56:45","slug":"budapestin-ylipormestariehdokkaat","status":"publish","type":"post","link":"https:\/\/suomiunkari.fi\/osastot\/tampere\/2014\/09\/09\/budapestin-ylipormestariehdokkaat\/","title":{"rendered":"Budapestin ylipormestariehdokkaat"},"content":{"rendered":"<p><span style=\"font-family: Arial,sans-serif\">Budapestin \u201dkeskusvaalilautakunta\u201d, <em>F\u0151v\u00e1rosi V\u00e1laszt\u00e1si Bizotts\u00e1gon (FVB),<\/em> arpoi maanantaina 8.9. paikallisvaalien ylipormestariehdokaiden, <em>f\u0151polg\u00e1rmester-jel\u00f6ltek,<\/em> j\u00e4rjestyksen 12. lokakuuta j\u00e4rjestett\u00e4v\u00e4\u00e4 paikallisten itsehallintoelintenvaalia varten. Ehdokkaita nimettiin alun alkaen 13, mutta vaalilautakinta hyv\u00e4ksyi ehdokkaista 10. Ehdokkaaksi oli nimetty mm. henkil\u00f6, joka vet\u00e4ytyi vaalista ja ehdokas, joka ei kyennyt ker\u00e4\u00e4m\u00e4\u00e4n m\u00e4\u00e4r\u00e4aikaan menness\u00e4 lain edelytt\u00e4m\u00e4\u00e4 5000 kannattaja-allekirjoitusta.<\/span><\/p>\n<p>Budapestin ylipormestariehdokkaat vaalissa 12.10. ovat:<\/p>\n<ol>\n<li><span style=\"font-family: Arial,sans-serif\">Galyas Istv\u00e1n (riippumaton, f\u00fcggetlen)<\/span><\/li>\n<li><span style=\"font-family: Arial,sans-serif\">Tarl\u00f3s Istv\u00e1n (Fidesz-KDNP)<\/span><\/li>\n<li><span style=\"font-family: Arial,sans-serif\">Cs\u00e1rdi Antal (LMP)<\/span><\/li>\n<li><span style=\"font-family: Arial,sans-serif\">Bokros Lajos Andr\u00e1s (Modernin Unkarilaisen Liikkeen Puolue, Modern Magyarorsz\u00e1g Mozgalom P\u00e1rt; MOMA)<\/span><\/li>\n<li><span style=\"font-family: Arial,sans-serif\">Bodn\u00e1r Zolt\u00e1n Gy\u00f6rgy (Unkarin Liberaalinen Puolue, Magyar Liber\u00e1lis P\u00e1rt)<\/span><\/li>\n<li><span style=\"font-family: Arial,sans-serif\">Magyar Gy\u00f6rgy (riippumaton, f\u00fcggetlen)<\/span><\/li>\n<li><span style=\"font-family: Arial,sans-serif\">Th\u00fcrmer Gyula (Unkarin Ty\u00f6v\u00e4enpuolue, Magyar Munk\u00e1sp\u00e1rt)<\/span><\/li>\n<li><span style=\"font-family: Arial,sans-serif\">\u00c1cs L\u00e1szl\u00f3 (Vihreipden Puolue, Z\u00f6ldek P\u00e1rtja)<\/span><\/li>\n<li><span style=\"font-family: Arial,sans-serif\">Falus Ferenc (Egy\u00fctt-PM)<\/span><\/li>\n<li><span style=\"font-family: Arial,sans-serif\">Staudt G\u00e1bor (Jobbik Magyarorsz\u00e1g\u00e9rt Mozgalom)<\/span><\/li>\n<\/ol>\n<p><span style=\"font-family: Arial,sans-serif\">Ehdokkaiden keskin\u00e4inen j\u00e4rjestys \u00e4\u00e4nestyslipussa ei muutu, vaikka joku ehdokas joutuisi luopumaan ehdokkuudestaan. \u00c4\u00e4nestyslippuun painetaan ehdokkaan nimen rinnalle my\u00f6s ehdokkaan nimenneen organisaation logo, jolle tilaa varataan 20 x 40 mm.<\/span><\/p>\n<p>Vasemmiston nykytilaa kuvaa se, ett\u00e4 Demokraattinen Koaliitio (puheenjohtaja <strong>Gyurcs\u00e1ny<\/strong> Ferenc) ja MSZP (nykyinen ppuheenjohtaja <strong>T\u00f3bi\u00e1s<\/strong> J\u00f3zsef) eiv\u00e4t nimenneet omaa ylipormestariehdokasta.<\/p>\n<p>&nbsp;<\/p>\n","protected":false},"excerpt":{"rendered":"<p>Budapestin \u201dkeskusvaalilautakunta\u201d, F\u0151v\u00e1rosi V\u00e1laszt\u00e1si Bizotts\u00e1gon (FVB), arpoi maanantaina 8.9. paikallisvaalien ylipormestariehdokaiden, f\u0151polg\u00e1rmester-jel\u00f6ltek, j\u00e4rjestyksen 12. lokakuuta j\u00e4rjestett\u00e4v\u00e4\u00e4 paikallisten itsehallintoelintenvaalia varten. Ehdokkaita nimettiin alun alkaen 13, mutta vaalilautakinta hyv\u00e4ksyi ehdokkaista 10. Ehdokkaaksi oli nimetty mm. henkil\u00f6, joka vet\u00e4ytyi vaalista ja ehdokas, joka &hellip; <a href=\"https:\/\/suomiunkari.fi\/osastot\/tampere\/2014\/09\/09\/budapestin-ylipormestariehdokkaat\/\">Lue loppuun <span class=\"meta-nav\">&rarr;<\/span><\/a><\/p>\n","protected":false},"author":5,"featured_media":0,"comment_status":"closed","ping_status":"open","sticky":false,"template":"","format":"standard","meta":{"_monsterinsights_skip_tracking":false,"_monsterinsights_sitenote_active":false,"_monsterinsights_sitenote_note":"","_monsterinsights_sitenote_category":0},"categories":[18,24],"tags":[],"_links":{"self":[{"href":"https:\/\/suomiunkari.fi\/osastot\/tampere\/wp-json\/wp\/v2\/posts\/2782"}],"collection":[{"href":"https:\/\/suomiunkari.fi\/osastot\/tampere\/wp-json\/wp\/v2\/posts"}],"about":[{"href":"https:\/\/suomiunkari.fi\/osastot\/tampere\/wp-json\/wp\/v2\/types\/post"}],"author":[{"embeddable":true,"href":"https:\/\/suomiunkari.fi\/osastot\/tampere\/wp-json\/wp\/v2\/users\/5"}],"replies":[{"embeddable":true,"href":"https:\/\/suomiunkari.fi\/osastot\/tampere\/wp-json\/wp\/v2\/comments?post=2782"}],"version-history":[{"count":3,"href":"https:\/\/suomiunkari.fi\/osastot\/tampere\/wp-json\/wp\/v2\/posts\/2782\/revisions"}],"predecessor-version":[{"id":2784,"href":"https:\/\/suomiunkari.fi\/osastot\/tampere\/wp-json\/wp\/v2\/posts\/2782\/revisions\/2784"}],"wp:attachment":[{"href":"https:\/\/suomiunkari.fi\/osastot\/tampere\/wp-json\/wp\/v2\/media?parent=2782"}],"wp:term":[{"taxonomy":"category","embeddable":true,"href":"https:\/\/suomiunkari.fi\/osastot\/tampere\/wp-json\/wp\/v2\/categories?post=2782"},{"taxonomy":"post_tag","embeddable":true,"href":"https:\/\/suomiunkari.fi\/osastot\/tampere\/wp-json\/wp\/v2\/tags?post=2782"}],"curies":[{"name":"wp","href":"https:\/\/api.w.org\/{rel}","templated":true}]}}