{"id":547,"date":"2012-08-22T09:50:25","date_gmt":"2012-08-22T09:50:25","guid":{"rendered":"http:\/\/suomiunkari.fi\/osastot\/tampere\/?p=547"},"modified":"2012-08-23T10:56:11","modified_gmt":"2012-08-23T10:56:11","slug":"cegled-provokaatiota-vai-rasismia","status":"publish","type":"post","link":"https:\/\/suomiunkari.fi\/osastot\/tampere\/2012\/08\/22\/cegled-provokaatiota-vai-rasismia\/","title":{"rendered":"Cegl\u00e9d \u2013 provokaatiota vai rasismia"},"content":{"rendered":"<p><span style=\"font-family: Arial,sans-serif\">21.8. M1 uutiset kertoivat, ett\u00e4 muualta Cegl\u00e9din teollisuuskaupunkiin Keski-Unkariin muutaneet romanit aiheuttavat j\u00e4nnityst\u00e4 ja lis\u00e4\u00e4v\u00e4t rikollisuutta. T\u00e4st\u00e4 asiasta olivat yksimielisi\u00e4 sek\u00e4 paikallisen romaniyhteis\u00f6n johtaja ett\u00e4 Jobbik-puolueen paikallinen parlamenttiedustaja, joka ep\u00e4ili lis\u00e4ksi, ett\u00e4 osa romaneista ei ollut muuttanut Cegl\u00e9diin oma-aloitteisesti vaan heit\u00e4 oli t\u00e4h\u00e4n rohkaistu l\u00e4ht\u00f6paikkakunnillaan. Sunnuntaina 19.8. arvioiden mukaan 400 henke\u00e4 oli kokoontunut osoittamaan mielt\u00e4\u00e4n yll\u00e4tt\u00e4en lis\u00e4\u00e4ntyneit\u00e4 varkauksia, murtoja ja muita omaisuusrikoksia vastaan. Suurinn osa oli \u00daj Magyar G\u00e1rda -organisaation j\u00e4seni\u00e4. Mielenosoittajat katsoivat, ett\u00e4 kansalaiset kokevat olonsa turvattomaksi. Seuraavan p\u00e4iv\u00e4n kokouksessa paikalla oli en\u00e4\u00e4 vajaa nelj\u00e4kymment\u00e4 henkil\u00f6\u00e4. \u2013 Paikallinen pormestari puolestaan katsoi, ett\u00e4 kyseess\u00e4 oli poliittinen provokaatio, jonka tarkoituksena oli lietsoa sosiaalista j\u00e4nnityst\u00e4 paikkakunnalla ja juuri siksi se oli sijoitettu my\u00f6s kansallisp\u00e4iv\u00e4n aattoon. Pormestari korosti, ett\u00e4 poliisi \u2013 eik\u00e4 univormuun pukeutunut kaarti \u2013 on se elin, joka pit\u00e4\u00e4 j\u00e4rjestyst\u00e4 yll\u00e4. Poliisi ilmoitti my\u00f6s k\u00e4ytt\u00e4v\u00e4ns\u00e4 kaikkia laillisia keinoja kaikkia j\u00e4rjestyksenrikkojia vastaan.<\/span><\/p>\n<p><span style=\"font-family: Arial,sans-serif\">Virallinen Unkari puuttui my\u00f6s 15.8. j\u00e4rjestetyn Unkarin ja Israelin v\u00e4lisen jalkapallo-ottelun saamaan julkisuuteen. Joukko Unkarin joukkueen kannattajia oli k\u00e4ytt\u00e4ytynyt Israelia halventavasti Israelin kansallishymnin aikana. Unkarin hallitus ilmoitti tiedonannossaan, jota siteerattiin uutisissa 21.8., ett\u00e4 se suhtautuu eritt\u00e4in kielteisesti kaikkiin sellaisiin ilmi\u00f6ihin, joiden tarkoituksena on luoda uskontoon, rotuun, kansallisuuteen perustuvaa erottelua.<\/span><\/p>\n<p>&nbsp;<\/p>\n","protected":false},"excerpt":{"rendered":"<p>21.8. M1 uutiset kertoivat, ett\u00e4 muualta Cegl\u00e9din teollisuuskaupunkiin Keski-Unkariin muutaneet romanit aiheuttavat j\u00e4nnityst\u00e4 ja lis\u00e4\u00e4v\u00e4t rikollisuutta. T\u00e4st\u00e4 asiasta olivat yksimielisi\u00e4 sek\u00e4 paikallisen romaniyhteis\u00f6n johtaja ett\u00e4 Jobbik-puolueen paikallinen parlamenttiedustaja, joka ep\u00e4ili lis\u00e4ksi, ett\u00e4 osa romaneista ei ollut muuttanut Cegl\u00e9diin oma-aloitteisesti vaan &hellip; <a href=\"https:\/\/suomiunkari.fi\/osastot\/tampere\/2012\/08\/22\/cegled-provokaatiota-vai-rasismia\/\">Lue loppuun <span class=\"meta-nav\">&rarr;<\/span><\/a><\/p>\n","protected":false},"author":5,"featured_media":0,"comment_status":"closed","ping_status":"open","sticky":false,"template":"","format":"standard","meta":{"_monsterinsights_skip_tracking":false,"_monsterinsights_sitenote_active":false,"_monsterinsights_sitenote_note":"","_monsterinsights_sitenote_category":0},"categories":[4],"tags":[],"_links":{"self":[{"href":"https:\/\/suomiunkari.fi\/osastot\/tampere\/wp-json\/wp\/v2\/posts\/547"}],"collection":[{"href":"https:\/\/suomiunkari.fi\/osastot\/tampere\/wp-json\/wp\/v2\/posts"}],"about":[{"href":"https:\/\/suomiunkari.fi\/osastot\/tampere\/wp-json\/wp\/v2\/types\/post"}],"author":[{"embeddable":true,"href":"https:\/\/suomiunkari.fi\/osastot\/tampere\/wp-json\/wp\/v2\/users\/5"}],"replies":[{"embeddable":true,"href":"https:\/\/suomiunkari.fi\/osastot\/tampere\/wp-json\/wp\/v2\/comments?post=547"}],"version-history":[{"count":4,"href":"https:\/\/suomiunkari.fi\/osastot\/tampere\/wp-json\/wp\/v2\/posts\/547\/revisions"}],"predecessor-version":[{"id":549,"href":"https:\/\/suomiunkari.fi\/osastot\/tampere\/wp-json\/wp\/v2\/posts\/547\/revisions\/549"}],"wp:attachment":[{"href":"https:\/\/suomiunkari.fi\/osastot\/tampere\/wp-json\/wp\/v2\/media?parent=547"}],"wp:term":[{"taxonomy":"category","embeddable":true,"href":"https:\/\/suomiunkari.fi\/osastot\/tampere\/wp-json\/wp\/v2\/categories?post=547"},{"taxonomy":"post_tag","embeddable":true,"href":"https:\/\/suomiunkari.fi\/osastot\/tampere\/wp-json\/wp\/v2\/tags?post=547"}],"curies":[{"name":"wp","href":"https:\/\/api.w.org\/{rel}","templated":true}]}}